{"id":2412,"date":"2015-08-05T10:11:05","date_gmt":"2015-08-05T10:11:05","guid":{"rendered":"http:\/\/www.santcugatconsulting.com\/fundacion-ivan-manero-guinea-bissau-2\/"},"modified":"2015-08-05T10:22:03","modified_gmt":"2015-08-05T10:22:03","slug":"fundacio-ivan-manero-guinea-bissau","status":"publish","type":"post","link":"https:\/\/santcugatconsulting.com\/ca\/fundacio-ivan-manero-guinea-bissau\/","title":{"rendered":"20 tones de il\u00b7lusi\u00f3 per a Guinea Bissau"},"content":{"rendered":"<p>Com molts ja deveu saber, col\u00b7laborem activament en el projecte solidari de la\u00a0<a href=\"http:\/\/fundacionivanmanero.org\/\">Fundaci\u00f3 Dr. Iv\u00e1n Ma\u00f1ero<\/a>, com a part de les nostres pol\u00edtiques de responsabilitat social.<\/p>\n<p><!--more--><\/p>\n<p>Les seves iniciatives van dirigides a col\u00b7laborar principalment amb les ONG <strong>AMIC<\/strong> (<a href=\"http:\/\/www.ongamic.org\/\">http:\/\/www.ongamic.org\/<\/a>) i <strong>Casa Emanuel<\/strong> (<a href=\"http:\/\/www.casaemanuel.org\/\">http:\/\/www.casaemanuel.org\/<\/a>), recolzant la seva dedicaci\u00f3 a les poblacions m\u00e9s desfavorides de Guinea Bissau .<br \/>\nA m\u00e9s, treballa a Espanya per conscienciar la poblaci\u00f3, a trav\u00e9s de campanyes de sensibilitzaci\u00f3, que un m\u00f3n m\u00e9s just i solidari \u00e9s possible.<\/p>\n<p>Per aquest motiu, ens complau informar al nostre blog que, gr\u00e0cies ala col\u00b7laboraci\u00f3 de molts de nosaltres, un <strong>contenidor<\/strong> de 40 peus, carregat amb 20.000 quilos de somnis i il\u00b7lusions, <strong>viatja en direcci\u00f3 a\u00a0Guinea Bissau<\/strong>. Va <strong>carregat amb 8 tones d&#8217;aliments, material sanitari, equips quir\u00fargics, roba, m\u00e0quina de cosir, llen\u00e7ols, material per costura, equips i bombes per crear pous.<\/strong><\/p>\n<p><img loading=\"lazy\" decoding=\"async\" class=\"aligncenter size-medium wp-image-2409\" src=\"http:\/\/www.santcugatconsulting.com\/wp-content\/uploads\/2015\/08\/11745751_10204924097762470_2912764562141833851_n-300x300.jpg\" alt=\"11745751_10204924097762470_2912764562141833851_n\" width=\"300\" height=\"300\" srcset=\"https:\/\/santcugatconsulting.com\/wp-content\/uploads\/2015\/08\/11745751_10204924097762470_2912764562141833851_n-300x300.jpg 300w, https:\/\/santcugatconsulting.com\/wp-content\/uploads\/2015\/08\/11745751_10204924097762470_2912764562141833851_n-150x150.jpg 150w, https:\/\/santcugatconsulting.com\/wp-content\/uploads\/2015\/08\/11745751_10204924097762470_2912764562141833851_n-200x200.jpg 200w, https:\/\/santcugatconsulting.com\/wp-content\/uploads\/2015\/08\/11745751_10204924097762470_2912764562141833851_n.jpg 720w\" sizes=\"(max-width: 300px) 100vw, 300px\" \/><\/p>\n<p>Des d&#8217;aqu\u00ed felicitem al gran equip de la Fundaci\u00f3 pel seu esfor\u00e7 i estem feli\u00e7os de formar part d&#8217;aquest meravell\u00f3s projecte.<\/p>\n<p>D&#8217;altra banda, es perfila ja el\u00a0proper sopar ben\u00e8fic per a la tardor, en qu\u00e8 presentaran els seus projectes d&#8217;educaci\u00f3 #educacionesfuturo, orientats especialment per als nens sense recursos i en risc d&#8217;exclusi\u00f3 social de Guinea Bissau.<\/p>\n<p>El sopar ben\u00e8fic ser\u00e0 una vetllada solid\u00e0ria inoblidable en qu\u00e8 reunir tots els amics i col\u00b7laboradors de la fundaci\u00f3, i compartir, implicar-se, i sentir-se part del projecte.<\/p>\n<p>Si voleu participar o informar-vos sobre l&#8217;esdeveniment, podeu contactar amb ells al 902 73 37 38 o a\u00a0<span class=\"s2\"><a href=\"http:\/\/mandrillapp.com\/track\/click\/30195446\/www.fundacionivanmanero.org?p=eyJzIjoiZVhsMUlHaUdJZU1FUEgxRDAyRmhNaldnXzNnIiwidiI6MSwicCI6IntcInVcIjozMDE5NTQ0NixcInZcIjoxLFwidXJsXCI6XCJodHRwOlxcXC9cXFwvd3d3LmZ1bmRhY2lvbml2YW5tYW5lcm8ub3JnXCIsXCJpZFwiOlwiYTYwMGUwNjQ4Yzg1NGI1Yzk2MThlNjRkMDIwNGU5NzlcIixcInVybF9pZHNcIjpbXCJlYjE5NTE0ZGFiZGMwMzFkMWIyODQ3ODMwYjVjNjIxZDlmZjZhNDU1XCJdfSJ9\">www.fundacionivanmanero.org<\/a>.<\/span><\/p>\n<p class=\"p1\">\n","protected":false},"excerpt":{"rendered":"<p>Com molts ja deveu saber, col\u00b7laborem activament en el projecte solidari de la\u00a0Fundaci\u00f3 Dr. Iv\u00e1n Ma\u00f1ero, com a part de les nostres pol\u00edtiques de responsabilitat social.<\/p>\n","protected":false},"author":4,"featured_media":0,"comment_status":"open","ping_status":"closed","sticky":false,"template":"","format":"standard","meta":{"footnotes":""},"categories":[2],"tags":[220,191,218,221,219,192],"yoast_head":"<!-- This site is optimized with the Yoast SEO plugin v22.9 - https:\/\/yoast.com\/wordpress\/plugins\/seo\/ -->\n<title>20 tones de il\u00b7lusi\u00f3 per a Guinea Bissau | Sant Cugat Consulting<\/title>\n<meta name=\"description\" content=\"Colaboramos con la Fundaci\u00f3n Dr. Ivan Manero en su proyecto solidario, con el que se enviaron 8 toneladas de alimentos y material a Guinea Bissau\" \/>\n<meta name=\"robots\" content=\"index, follow, max-snippet:-1, max-image-preview:large, max-video-preview:-1\" \/>\n<link rel=\"canonical\" href=\"https:\/\/santcugatconsulting.com\/ca\/fundacio-ivan-manero-guinea-bissau\/\" \/>\n<meta name=\"twitter:label1\" content=\"Escrit per\" \/>\n\t<meta name=\"twitter:data1\" content=\"Sant Cugat Consulting\" \/>\n\t<meta name=\"twitter:label2\" content=\"Temps estimat de lectura\" \/>\n\t<meta name=\"twitter:data2\" content=\"1 minut\" \/>\n<script type=\"application\/ld+json\" class=\"yoast-schema-graph\">{\"@context\":\"https:\/\/schema.org\",\"@graph\":[{\"@type\":\"WebPage\",\"@id\":\"https:\/\/santcugatconsulting.com\/ca\/fundacio-ivan-manero-guinea-bissau\/\",\"url\":\"https:\/\/santcugatconsulting.com\/ca\/fundacio-ivan-manero-guinea-bissau\/\",\"name\":\"20 tones de il\u00b7lusi\u00f3 per a Guinea Bissau | Sant Cugat Consulting\",\"isPartOf\":{\"@id\":\"https:\/\/santcugatconsulting.com\/ca\/#website\"},\"primaryImageOfPage\":{\"@id\":\"https:\/\/santcugatconsulting.com\/ca\/fundacio-ivan-manero-guinea-bissau\/#primaryimage\"},\"image\":{\"@id\":\"https:\/\/santcugatconsulting.com\/ca\/fundacio-ivan-manero-guinea-bissau\/#primaryimage\"},\"thumbnailUrl\":\"http:\/\/www.santcugatconsulting.com\/wp-content\/uploads\/2015\/08\/11745751_10204924097762470_2912764562141833851_n-300x300.jpg\",\"datePublished\":\"2015-08-05T10:11:05+00:00\",\"dateModified\":\"2015-08-05T10:22:03+00:00\",\"author\":{\"@id\":\"https:\/\/santcugatconsulting.com\/ca\/#\/schema\/person\/2fc72b630ae24541227320638b446718\"},\"description\":\"Colaboramos con la Fundaci\u00f3n Dr. Ivan Manero en su proyecto solidario, con el que se enviaron 8 toneladas de alimentos y material a Guinea Bissau\",\"inLanguage\":\"ca\",\"potentialAction\":[{\"@type\":\"ReadAction\",\"target\":[\"https:\/\/santcugatconsulting.com\/ca\/fundacio-ivan-manero-guinea-bissau\/\"]}]},{\"@type\":\"ImageObject\",\"inLanguage\":\"ca\",\"@id\":\"https:\/\/santcugatconsulting.com\/ca\/fundacio-ivan-manero-guinea-bissau\/#primaryimage\",\"url\":\"http:\/\/www.santcugatconsulting.com\/wp-content\/uploads\/2015\/08\/11745751_10204924097762470_2912764562141833851_n-300x300.jpg\",\"contentUrl\":\"http:\/\/www.santcugatconsulting.com\/wp-content\/uploads\/2015\/08\/11745751_10204924097762470_2912764562141833851_n-300x300.jpg\"},{\"@type\":\"WebSite\",\"@id\":\"https:\/\/santcugatconsulting.com\/ca\/#website\",\"url\":\"https:\/\/santcugatconsulting.com\/ca\/\",\"name\":\"Sant Cugat Consulting\",\"description\":\"Asesoramiento jur\u00eddico, laboral, fiscal y contable para aut\u00f3nomos, pymes y grandes empresas. Expertos abogados y economistas. M\u00e1s de 20 a\u00f1os de experiencia.\",\"potentialAction\":[{\"@type\":\"SearchAction\",\"target\":{\"@type\":\"EntryPoint\",\"urlTemplate\":\"https:\/\/santcugatconsulting.com\/ca\/?s={search_term_string}\"},\"query-input\":\"required name=search_term_string\"}],\"inLanguage\":\"ca\"},{\"@type\":\"Person\",\"@id\":\"https:\/\/santcugatconsulting.com\/ca\/#\/schema\/person\/2fc72b630ae24541227320638b446718\",\"name\":\"Sant Cugat Consulting\",\"sameAs\":[\"http:\/\/www.santcugatconsulting.com\"]}]}<\/script>\n<!-- \/ Yoast SEO plugin. -->","yoast_head_json":{"title":"20 tones de il\u00b7lusi\u00f3 per a Guinea Bissau | Sant Cugat Consulting","description":"Colaboramos con la Fundaci\u00f3n Dr. Ivan Manero en su proyecto solidario, con el que se enviaron 8 toneladas de alimentos y material a Guinea Bissau","robots":{"index":"index","follow":"follow","max-snippet":"max-snippet:-1","max-image-preview":"max-image-preview:large","max-video-preview":"max-video-preview:-1"},"canonical":"https:\/\/santcugatconsulting.com\/ca\/fundacio-ivan-manero-guinea-bissau\/","twitter_misc":{"Escrit per":"Sant Cugat Consulting","Temps estimat de lectura":"1 minut"},"schema":{"@context":"https:\/\/schema.org","@graph":[{"@type":"WebPage","@id":"https:\/\/santcugatconsulting.com\/ca\/fundacio-ivan-manero-guinea-bissau\/","url":"https:\/\/santcugatconsulting.com\/ca\/fundacio-ivan-manero-guinea-bissau\/","name":"20 tones de il\u00b7lusi\u00f3 per a Guinea Bissau | Sant Cugat Consulting","isPartOf":{"@id":"https:\/\/santcugatconsulting.com\/ca\/#website"},"primaryImageOfPage":{"@id":"https:\/\/santcugatconsulting.com\/ca\/fundacio-ivan-manero-guinea-bissau\/#primaryimage"},"image":{"@id":"https:\/\/santcugatconsulting.com\/ca\/fundacio-ivan-manero-guinea-bissau\/#primaryimage"},"thumbnailUrl":"http:\/\/www.santcugatconsulting.com\/wp-content\/uploads\/2015\/08\/11745751_10204924097762470_2912764562141833851_n-300x300.jpg","datePublished":"2015-08-05T10:11:05+00:00","dateModified":"2015-08-05T10:22:03+00:00","author":{"@id":"https:\/\/santcugatconsulting.com\/ca\/#\/schema\/person\/2fc72b630ae24541227320638b446718"},"description":"Colaboramos con la Fundaci\u00f3n Dr. Ivan Manero en su proyecto solidario, con el que se enviaron 8 toneladas de alimentos y material a Guinea Bissau","inLanguage":"ca","potentialAction":[{"@type":"ReadAction","target":["https:\/\/santcugatconsulting.com\/ca\/fundacio-ivan-manero-guinea-bissau\/"]}]},{"@type":"ImageObject","inLanguage":"ca","@id":"https:\/\/santcugatconsulting.com\/ca\/fundacio-ivan-manero-guinea-bissau\/#primaryimage","url":"http:\/\/www.santcugatconsulting.com\/wp-content\/uploads\/2015\/08\/11745751_10204924097762470_2912764562141833851_n-300x300.jpg","contentUrl":"http:\/\/www.santcugatconsulting.com\/wp-content\/uploads\/2015\/08\/11745751_10204924097762470_2912764562141833851_n-300x300.jpg"},{"@type":"WebSite","@id":"https:\/\/santcugatconsulting.com\/ca\/#website","url":"https:\/\/santcugatconsulting.com\/ca\/","name":"Sant Cugat Consulting","description":"Asesoramiento jur\u00eddico, laboral, fiscal y contable para aut\u00f3nomos, pymes y grandes empresas. Expertos abogados y economistas. M\u00e1s de 20 a\u00f1os de experiencia.","potentialAction":[{"@type":"SearchAction","target":{"@type":"EntryPoint","urlTemplate":"https:\/\/santcugatconsulting.com\/ca\/?s={search_term_string}"},"query-input":"required name=search_term_string"}],"inLanguage":"ca"},{"@type":"Person","@id":"https:\/\/santcugatconsulting.com\/ca\/#\/schema\/person\/2fc72b630ae24541227320638b446718","name":"Sant Cugat Consulting","sameAs":["http:\/\/www.santcugatconsulting.com"]}]}},"_links":{"self":[{"href":"https:\/\/santcugatconsulting.com\/ca\/wp-json\/wp\/v2\/posts\/2412"}],"collection":[{"href":"https:\/\/santcugatconsulting.com\/ca\/wp-json\/wp\/v2\/posts"}],"about":[{"href":"https:\/\/santcugatconsulting.com\/ca\/wp-json\/wp\/v2\/types\/post"}],"author":[{"embeddable":true,"href":"https:\/\/santcugatconsulting.com\/ca\/wp-json\/wp\/v2\/users\/4"}],"replies":[{"embeddable":true,"href":"https:\/\/santcugatconsulting.com\/ca\/wp-json\/wp\/v2\/comments?post=2412"}],"version-history":[{"count":3,"href":"https:\/\/santcugatconsulting.com\/ca\/wp-json\/wp\/v2\/posts\/2412\/revisions"}],"predecessor-version":[{"id":2415,"href":"https:\/\/santcugatconsulting.com\/ca\/wp-json\/wp\/v2\/posts\/2412\/revisions\/2415"}],"wp:attachment":[{"href":"https:\/\/santcugatconsulting.com\/ca\/wp-json\/wp\/v2\/media?parent=2412"}],"wp:term":[{"taxonomy":"category","embeddable":true,"href":"https:\/\/santcugatconsulting.com\/ca\/wp-json\/wp\/v2\/categories?post=2412"},{"taxonomy":"post_tag","embeddable":true,"href":"https:\/\/santcugatconsulting.com\/ca\/wp-json\/wp\/v2\/tags?post=2412"}],"curies":[{"name":"wp","href":"https:\/\/api.w.org\/{rel}","templated":true}]}}