{"id":2616,"date":"2016-03-17T09:58:20","date_gmt":"2016-03-17T09:58:20","guid":{"rendered":"http:\/\/www.santcugatconsulting.com\/ca\/ya-no-necesario-empleado\/"},"modified":"2016-03-17T10:10:32","modified_gmt":"2016-03-17T10:10:32","slug":"ja-no-es-necessari-empleat","status":"publish","type":"post","link":"https:\/\/santcugatconsulting.com\/ca\/ja-no-es-necessari-empleat\/","title":{"rendered":"Ja no \u00e9s necessari l&#8217;empleat!"},"content":{"rendered":"<p>Perqu\u00e8 l&#8217;arrendament d&#8217;immobles es consideri activitat econ\u00f2mica era necessari que es gestioni amb almenys un empleat a jornada completa. <!--more-->Per\u00f2 ara Hisenda ha flexibilitzat aquest requisit.<\/p>\n<h2>Activitat econ\u00f2mica.<\/h2>\n<p><strong>Distinci\u00f3.<\/strong> Quan una societat es dedica a l&#8217;arrendament d&#8217;immobles, sol apar\u00e8ixer el dubte de si realment desenvolupa una activitat econ\u00f2mica o si nom\u00e9s \u00e9s una societat patrimonial. La distinci\u00f3 \u00e9s important, ja que les societats patrimonials no poden aplicar els beneficis fiscals de les empreses de redu\u00efda dimensi\u00f3 ni els tipus redu\u00efts vigents per a les entitats de nova creaci\u00f3.<br \/>\n<strong>Criteri.<\/strong> Per resoldre aquesta q\u00fcesti\u00f3, la mateixa llei estableix que l&#8217;arrendament d&#8217;immobles es desenvolupa com a activitat econ\u00f2mica si es disposa d&#8217;un empleat amb contracte laboral a jornada completa. I en cas de grups d&#8217;empreses, l&#8217;empleat pot estar contractat per qualsevol de les empreses que el componen (i no necess\u00e0riament per la societat que desenvolupa l&#8217;activitat de lloguer).<\/p>\n<h2>Hisenda flexibilitza el criteri.<\/h2>\n<p><strong>Consulta.<\/strong> Doncs b\u00e9: en les seves recents consultes, Hisenda es mostra flexible, i considera que el requisit de disposar d&#8217;un empleat es compleix quan la gesti\u00f3 dels lloguers es subcontracta a un tercer que disposa dels mitjans necessaris per a desenvolupar aquesta activitat (per exemple, una gestoria). Hisenda fa un exercici de realisme i reconeix que en molts casos \u00e9s m\u00e9s eficient contractar professionals especialitzats que contractar un empleat.<br \/>\n<strong>Cauteles<\/strong>. En tot cas, no totes les subcontractacions permetran defensar que l&#8217;arrendament es desenvolupa com a activitat econ\u00f2mica. Haur\u00e0 d&#8217;analitzar cada situaci\u00f3:<\/p>\n<ul>\n<li><strong>Mitjans del subcontractat.<\/strong> En primer lloc, el subcontractat haur\u00e0 de disposar d&#8217;una estructura empresarial adequada per gestionar l&#8217;activitat de lloguer.<\/li>\n<li>En segon lloc, <strong>Hisenda continuar\u00e0 exigint que el volum d&#8217;ingressos i del patrimoni a gestionar justifiquin l&#8217;exist\u00e8ncia d&#8217;una organitzaci\u00f3 empresarial (<\/strong>pr\u00f2pia o d&#8217;un tercer). L&#8217;organitzaci\u00f3 empresarial \u00e9s un requisit necessari, per\u00f2 no suficient per si mateix, per justificar l&#8217;exist\u00e8ncia d&#8217;una activitat econ\u00f2mica.<\/li>\n<\/ul>\n<h2>No afecta altres impostos.<\/h2>\n<p><strong>Interpretable<\/strong>. Hisenda emfatitza que el criteri d&#8217;aquestes consultes nom\u00e9s \u00e9s aplicable a l&#8217;Impost sobre Societats, i que no \u00e9s extrapolable ni a l&#8217;IRPF, ni l&#8217;Impost sobre el Patrimoni ni al de successions. Segons les consultes, el concepte d&#8217;activitat econ\u00f2mica que estableix l&#8217;Impost sobre Societats \u00e9s aut\u00f2nom, i difereix del que regula aquests altres impostos. No obstant aix\u00f2:<\/p>\n<ul>\n<li>El concepte d&#8217;activitat econ\u00f2mica que s&#8217;estableix en l&#8217;IRPF (i, per remissi\u00f3, en la resta d&#8217;impostos indicats) \u00e9s molt similar a l&#8217;establert en l&#8217;Impost sobre Societats.<\/li>\n<li>Per tant, i en contra del criteri d&#8217;Hisenda, \u00e9s raonable interpretar que aquest criteri tamb\u00e9 \u00e9s aplicable a aquests altres impostos.<br \/>\nEncara que continuar\u00e0 la discussi\u00f3 sobre si el patrimoni arrendat t\u00e9 prou entitat, aquesta consulta obre la possibilitat d&#8217;aplicar incentius fiscals a un major nombre de situacions.<\/li>\n<\/ul>\n<span class='highlight'> *Aquesta not\u00edcia cont\u00e9 informaci\u00f3 de car\u00e0cter general, sense que constitueixi opini\u00f3 professional ni assessoria jur\u00eddica i fiscal. Per a qualsevol consulta contacti amb nosaltres. <\/span>\n","protected":false},"excerpt":{"rendered":"<p>Perqu\u00e8 l&#8217;arrendament d&#8217;immobles es consideri activitat econ\u00f2mica era necessari que es gestioni amb almenys un empleat a jornada completa.<\/p>\n","protected":false},"author":4,"featured_media":0,"comment_status":"open","ping_status":"closed","sticky":false,"template":"","format":"standard","meta":{"footnotes":""},"categories":[100,102,2],"tags":[264,265,266],"yoast_head":"<!-- This site is optimized with the Yoast SEO plugin v22.9 - https:\/\/yoast.com\/wordpress\/plugins\/seo\/ -->\n<title>Ja no \u00e9s necessari l&#039;empleat! | Sant Cugat Consulting<\/title>\n<meta name=\"robots\" content=\"index, follow, max-snippet:-1, max-image-preview:large, max-video-preview:-1\" \/>\n<link rel=\"canonical\" href=\"https:\/\/santcugatconsulting.com\/ca\/ja-no-es-necessari-empleat\/\" \/>\n<meta name=\"twitter:label1\" content=\"Escrit per\" \/>\n\t<meta name=\"twitter:data1\" content=\"Sant Cugat Consulting\" \/>\n\t<meta name=\"twitter:label2\" content=\"Temps estimat de lectura\" \/>\n\t<meta name=\"twitter:data2\" content=\"2 minuts\" \/>\n<script type=\"application\/ld+json\" class=\"yoast-schema-graph\">{\"@context\":\"https:\/\/schema.org\",\"@graph\":[{\"@type\":\"WebPage\",\"@id\":\"https:\/\/santcugatconsulting.com\/ca\/ja-no-es-necessari-empleat\/\",\"url\":\"https:\/\/santcugatconsulting.com\/ca\/ja-no-es-necessari-empleat\/\",\"name\":\"Ja no \u00e9s necessari l'empleat! | Sant Cugat Consulting\",\"isPartOf\":{\"@id\":\"https:\/\/santcugatconsulting.com\/ca\/#website\"},\"datePublished\":\"2016-03-17T09:58:20+00:00\",\"dateModified\":\"2016-03-17T10:10:32+00:00\",\"author\":{\"@id\":\"https:\/\/santcugatconsulting.com\/ca\/#\/schema\/person\/2fc72b630ae24541227320638b446718\"},\"inLanguage\":\"ca\",\"potentialAction\":[{\"@type\":\"ReadAction\",\"target\":[\"https:\/\/santcugatconsulting.com\/ca\/ja-no-es-necessari-empleat\/\"]}]},{\"@type\":\"WebSite\",\"@id\":\"https:\/\/santcugatconsulting.com\/ca\/#website\",\"url\":\"https:\/\/santcugatconsulting.com\/ca\/\",\"name\":\"Sant Cugat Consulting\",\"description\":\"Asesoramiento jur\u00eddico, laboral, fiscal y contable para aut\u00f3nomos, pymes y grandes empresas. Expertos abogados y economistas. M\u00e1s de 20 a\u00f1os de experiencia.\",\"potentialAction\":[{\"@type\":\"SearchAction\",\"target\":{\"@type\":\"EntryPoint\",\"urlTemplate\":\"https:\/\/santcugatconsulting.com\/ca\/?s={search_term_string}\"},\"query-input\":\"required name=search_term_string\"}],\"inLanguage\":\"ca\"},{\"@type\":\"Person\",\"@id\":\"https:\/\/santcugatconsulting.com\/ca\/#\/schema\/person\/2fc72b630ae24541227320638b446718\",\"name\":\"Sant Cugat Consulting\",\"sameAs\":[\"http:\/\/www.santcugatconsulting.com\"]}]}<\/script>\n<!-- \/ Yoast SEO plugin. -->","yoast_head_json":{"title":"Ja no \u00e9s necessari l'empleat! | Sant Cugat Consulting","robots":{"index":"index","follow":"follow","max-snippet":"max-snippet:-1","max-image-preview":"max-image-preview:large","max-video-preview":"max-video-preview:-1"},"canonical":"https:\/\/santcugatconsulting.com\/ca\/ja-no-es-necessari-empleat\/","twitter_misc":{"Escrit per":"Sant Cugat Consulting","Temps estimat de lectura":"2 minuts"},"schema":{"@context":"https:\/\/schema.org","@graph":[{"@type":"WebPage","@id":"https:\/\/santcugatconsulting.com\/ca\/ja-no-es-necessari-empleat\/","url":"https:\/\/santcugatconsulting.com\/ca\/ja-no-es-necessari-empleat\/","name":"Ja no \u00e9s necessari l'empleat! | Sant Cugat Consulting","isPartOf":{"@id":"https:\/\/santcugatconsulting.com\/ca\/#website"},"datePublished":"2016-03-17T09:58:20+00:00","dateModified":"2016-03-17T10:10:32+00:00","author":{"@id":"https:\/\/santcugatconsulting.com\/ca\/#\/schema\/person\/2fc72b630ae24541227320638b446718"},"inLanguage":"ca","potentialAction":[{"@type":"ReadAction","target":["https:\/\/santcugatconsulting.com\/ca\/ja-no-es-necessari-empleat\/"]}]},{"@type":"WebSite","@id":"https:\/\/santcugatconsulting.com\/ca\/#website","url":"https:\/\/santcugatconsulting.com\/ca\/","name":"Sant Cugat Consulting","description":"Asesoramiento jur\u00eddico, laboral, fiscal y contable para aut\u00f3nomos, pymes y grandes empresas. Expertos abogados y economistas. M\u00e1s de 20 a\u00f1os de experiencia.","potentialAction":[{"@type":"SearchAction","target":{"@type":"EntryPoint","urlTemplate":"https:\/\/santcugatconsulting.com\/ca\/?s={search_term_string}"},"query-input":"required name=search_term_string"}],"inLanguage":"ca"},{"@type":"Person","@id":"https:\/\/santcugatconsulting.com\/ca\/#\/schema\/person\/2fc72b630ae24541227320638b446718","name":"Sant Cugat Consulting","sameAs":["http:\/\/www.santcugatconsulting.com"]}]}},"_links":{"self":[{"href":"https:\/\/santcugatconsulting.com\/ca\/wp-json\/wp\/v2\/posts\/2616"}],"collection":[{"href":"https:\/\/santcugatconsulting.com\/ca\/wp-json\/wp\/v2\/posts"}],"about":[{"href":"https:\/\/santcugatconsulting.com\/ca\/wp-json\/wp\/v2\/types\/post"}],"author":[{"embeddable":true,"href":"https:\/\/santcugatconsulting.com\/ca\/wp-json\/wp\/v2\/users\/4"}],"replies":[{"embeddable":true,"href":"https:\/\/santcugatconsulting.com\/ca\/wp-json\/wp\/v2\/comments?post=2616"}],"version-history":[{"count":4,"href":"https:\/\/santcugatconsulting.com\/ca\/wp-json\/wp\/v2\/posts\/2616\/revisions"}],"predecessor-version":[{"id":2620,"href":"https:\/\/santcugatconsulting.com\/ca\/wp-json\/wp\/v2\/posts\/2616\/revisions\/2620"}],"wp:attachment":[{"href":"https:\/\/santcugatconsulting.com\/ca\/wp-json\/wp\/v2\/media?parent=2616"}],"wp:term":[{"taxonomy":"category","embeddable":true,"href":"https:\/\/santcugatconsulting.com\/ca\/wp-json\/wp\/v2\/categories?post=2616"},{"taxonomy":"post_tag","embeddable":true,"href":"https:\/\/santcugatconsulting.com\/ca\/wp-json\/wp\/v2\/tags?post=2616"}],"curies":[{"name":"wp","href":"https:\/\/api.w.org\/{rel}","templated":true}]}}